{"id":1798,"date":"2023-05-22T12:00:00","date_gmt":"2023-05-22T11:00:00","guid":{"rendered":"https:\/\/sendadeugarte.com\/?p=1798"},"modified":"2023-06-28T18:02:50","modified_gmt":"2023-06-28T17:02:50","slug":"anteproyecto-de-la-ley-de-familias","status":"publish","type":"post","link":"https:\/\/sendadeugarte.com\/es\/anteproyecto-de-la-ley-de-familias\/","title":{"rendered":"Anteproyecto de la Ley de Familias"},"content":{"rendered":"\n<p class=\"has-drop-cap wp-block-paragraph\" style=\"font-size:18px\">El Consejo de Ministros aprob\u00f3 el anteproyecto de la Ley de Familias, que incluye medidas para fomentar la corresponsabilidad en el cuidado de los hijos e hijas, mejorar la protecci\u00f3n de la infancia y la adolescencia, luchar contra la violencia intrafamiliar, y garantizar el derecho a una vivienda digna. <\/p>\n\n\n\n<blockquote class=\"wp-block-quote is-layout-flow wp-block-quote-is-layout-flow\">\n<p class=\"has-medium-font-size wp-block-paragraph\"><strong><em>Las medidas m\u00e1s importantes son: el permiso remunerado de cinco d\u00edas al a\u00f1o para permitir que los trabajadores que cuiden de familiares de segundo grado o convivientes, permiso de ocho semanas para el cuidado de los hijos y otro remunerado de hasta cuatro d\u00edas al a\u00f1o para situaciones de emergencia imprevisibles relacionadas con motivos familiares<\/em><\/strong><\/p>\n<\/blockquote>\n\n\n\n<p class=\"wp-block-paragraph\" style=\"font-size:18px\">Se destaca un permiso remunerado de cinco d\u00edas al a\u00f1o para permitir que los trabajadores que cuiden de familiares de segundo grado o convivientes, independientemente de si tienen o no relaci\u00f3n de parentesco. <\/p>\n\n\n<div class=\"wp-block-image\">\n<figure class=\"aligncenter size-medium\"><img loading=\"lazy\" decoding=\"async\" width=\"300\" height=\"292\" src=\"https:\/\/sendadeugarte.com\/wp-content\/uploads\/2023\/05\/20200908_060639-2-300x292.jpg\" alt=\"\" class=\"wp-image-1814\" srcset=\"https:\/\/sendadeugarte.com\/wp-content\/uploads\/2023\/05\/20200908_060639-2-300x292.jpg 300w, https:\/\/sendadeugarte.com\/wp-content\/uploads\/2023\/05\/20200908_060639-2-1024x997.jpg 1024w, https:\/\/sendadeugarte.com\/wp-content\/uploads\/2023\/05\/20200908_060639-2-768x747.jpg 768w, https:\/\/sendadeugarte.com\/wp-content\/uploads\/2023\/05\/20200908_060639-2-1536x1495.jpg 1536w, https:\/\/sendadeugarte.com\/wp-content\/uploads\/2023\/05\/20200908_060639-2-12x12.jpg 12w, https:\/\/sendadeugarte.com\/wp-content\/uploads\/2023\/05\/20200908_060639-2.jpg 2048w\" sizes=\"auto, (max-width: 300px) 100vw, 300px\" \/><\/figure>\n<\/div>\n\n\n<p class=\"wp-block-paragraph\" style=\"font-size:18px\">Tambi\u00e9n se estableci\u00f3 un permiso de ocho semanas para el cuidado de los hijos y otro remunerado de hasta cuatro d\u00edas al a\u00f1o para situaciones de emergencia imprevisibles relacionadas con motivos familiares. Adem\u00e1s, se incluyen otras modificaciones, como la ampliaci\u00f3n del subsidio por nacimiento y cuidado no contributivo para familias de acogida y adoptantes.<\/p>\n\n\n\n<p class=\"wp-block-paragraph\" style=\"font-size:18px\">Aprobada en Consejo de ministros el pasado 28 de marzo, la Ley se encuentra pendiente de su publicaci\u00f3n en el BOE que se prev\u00e9 para este mes de mayo. Desde LA SENDA se realizar\u00e1 un explicativo extenso de los pormenores de esta Ley, que supone un paso importante en materia de conciliaci\u00f3n.<\/p>\n","protected":false},"excerpt":{"rendered":"El Consejo de Ministros aprob\u00f3 el anteproyecto de la Ley&hellip;","protected":false},"author":5,"featured_media":1813,"comment_status":"open","ping_status":"closed","sticky":false,"template":"","format":"standard","meta":{"footnotes":""},"categories":[125],"tags":[124,123],"class_list":["post-1798","post","type-post","status-publish","format-standard","has-post-thumbnail","hentry","category-articulos-boletines","tag-boletin-may23","tag-legislacion-laboral","category-125","description-off"],"_links":{"self":[{"href":"https:\/\/sendadeugarte.com\/es\/wp-json\/wp\/v2\/posts\/1798","targetHints":{"allow":["GET"]}}],"collection":[{"href":"https:\/\/sendadeugarte.com\/es\/wp-json\/wp\/v2\/posts"}],"about":[{"href":"https:\/\/sendadeugarte.com\/es\/wp-json\/wp\/v2\/types\/post"}],"author":[{"embeddable":true,"href":"https:\/\/sendadeugarte.com\/es\/wp-json\/wp\/v2\/users\/5"}],"replies":[{"embeddable":true,"href":"https:\/\/sendadeugarte.com\/es\/wp-json\/wp\/v2\/comments?post=1798"}],"version-history":[{"count":5,"href":"https:\/\/sendadeugarte.com\/es\/wp-json\/wp\/v2\/posts\/1798\/revisions"}],"predecessor-version":[{"id":1829,"href":"https:\/\/sendadeugarte.com\/es\/wp-json\/wp\/v2\/posts\/1798\/revisions\/1829"}],"wp:featuredmedia":[{"embeddable":true,"href":"https:\/\/sendadeugarte.com\/es\/wp-json\/wp\/v2\/media\/1813"}],"wp:attachment":[{"href":"https:\/\/sendadeugarte.com\/es\/wp-json\/wp\/v2\/media?parent=1798"}],"wp:term":[{"taxonomy":"category","embeddable":true,"href":"https:\/\/sendadeugarte.com\/es\/wp-json\/wp\/v2\/categories?post=1798"},{"taxonomy":"post_tag","embeddable":true,"href":"https:\/\/sendadeugarte.com\/es\/wp-json\/wp\/v2\/tags?post=1798"}],"curies":[{"name":"wp","href":"https:\/\/api.w.org\/{rel}","templated":true}]}}